{"id":1614,"date":"2018-03-20T13:01:04","date_gmt":"2018-03-20T11:01:04","guid":{"rendered":"https:\/\/www.ventajon.com\/blog\/?p=1614"},"modified":"2023-01-13T14:34:27","modified_gmt":"2023-01-13T12:34:27","slug":"macarena-berlin-sigo-los-consejos-de-saber-vivir-y-siempre-llevo-vegetales-mini","status":"publish","type":"post","link":"https:\/\/www.ventajon.com\/blog\/macarena-berlin-sigo-los-consejos-de-saber-vivir-y-siempre-llevo-vegetales-mini\/","title":{"rendered":"MACARENA BERL\u00cdN: \u00abSIGO LOS CONSEJOS DE SABER VIVIR Y SIEMPRE LLEVO VEGETALES MINI\u00bb"},"content":{"rendered":"<h1><span style=\"font-size: 12pt; font-family: 'Roboto Serif';\">La presentadora del programa de confesiones m\u00e1s escuchado de la radio (Hablar por hablar) da el salto a las ma\u00f1anas de TVE. Y adem\u00e1s, estrena la novela &#8216;H\u00e1blame bajito&#8217;.<\/span><\/h1>\n<p><span style=\"font-size: 12pt; font-family: 'Roboto Serif';\"><img decoding=\"async\" loading=\"lazy\" class=\"alignleft wp-image-1619 \" src=\"https:\/\/www.ventajon.com\/blog\/wp-content\/uploads\/2018\/03\/MACA-3.png\" alt=\"En VENTAJON, entrevistamos a la periodista Macarena Berl\u00edn\" width=\"344\" height=\"344\" \/><\/span><\/p>\n<p><span style=\"font-size: 12pt; font-family: 'Roboto Serif';\"><strong>Esta te<\/strong><strong>mporada Macarena Berl\u00edn (Madrid, 1973)<\/strong> pasa consulta por las ma\u00f1anas. Las noches seguir\u00e1 dedic\u00e1ndolas a las confidencias. Consejos para el cuerpo y consuelo para el alma. Es lo que tiene alternar <strong><a href=\"http:\/\/play.cadenaser.com\/programa\/hablar_por_hablar\/\" target=\"_blank\" rel=\"noopener\">Hablar por Hablar<\/a> <\/strong>(Cadena Ser) y <a href=\"http:\/\/www.rtve.es\/alacarta\/videos\/saber-vivir\/\" target=\"_blank\" rel=\"noopener\"><strong>Saber vivir<\/strong><\/a>, el veterano programa de TVE dedicado a la <a href=\"https:\/\/www.ventajon.com\/seguros\/medico\" target=\"_blank\" rel=\"noopener\">salud<\/a>. La vida de Macarena es un no parar. Cubre todos los flancos. Imagen, palabra y, ahora, letra impresa. Su primera novela <a href=\"https:\/\/www.casadellibro.com\/libro-hablame-bajito\/9788491290100\/5263661\" target=\"_blank\" rel=\"noopener\"><strong>\u2018H\u00e1blame bajito\u2019<\/strong><\/a> ha cosechado buenas cr\u00edticas. La protagonista del libro, Pita, esperaba una vida distinta al llegar a los cuarenta. Pero la realidad da sorpresas. A Macarena, para bien.<\/span><\/p>\n<p>&nbsp;<\/p>\n<blockquote><p><span style=\"font-size: 12pt; font-family: 'Roboto Serif';\">Ser periodista\u00a0es una forma\u00a0de estar en el\u00a0mundo<\/span><\/p><\/blockquote>\n<p><span style=\"font-size: 12pt; font-family: 'Roboto Serif';\"><strong>Como conductora de \u2018Saber vivir\u2019, supongo que no eres hipocondriaca.<\/strong><\/span><br \/>\n<span style=\"font-size: 12pt; font-family: 'Roboto Serif';\">-(R\u00ede) La verdad es que no. Por mi condici\u00f3n de periodista incumplo todas las normas del organismo. Me viene muy bien prestar un poco m\u00e1s de atenci\u00f3n a mi salud.<\/span><\/p>\n<p><span style=\"font-size: 12pt; font-family: 'Roboto Serif';\"><strong>\u00bfQu\u00e9 consejos del programa ha puesto ya en pr\u00e1ctica?<\/strong><\/span><br \/>\n<span style=\"font-size: 12pt; font-family: 'Roboto Serif';\">&#8211; El \u00faltimo, consumir vegetales mini: pepinos, pimientos, tomatitos cherry\u2026 Yo era m\u00e1s de meterme frutos secos y un pl\u00e1tano en el bolso. Ahora cojo un pimientito o unos tomatitos para comerlos a media ma\u00f1ana. Me impacta mucho lo que dicen los doctores que comparten plat\u00f3 conmigo. Son las voces m\u00e1s autorizadas del pa\u00eds.<\/span><\/p>\n<p><span style=\"font-size: 12pt; font-family: 'Roboto Serif';\"><strong><a href=\"https:\/\/www.ventajon.com\/seguros\/medico\" target=\"_blank\" rel=\"noopener\">Salud <\/a>a veces es sin\u00f3nimo de prohibici\u00f3n. No comas esto, no hagas aquello&#8230;<\/strong><\/span><br \/>\n<span style=\"font-size: 12pt; font-family: 'Roboto Serif';\">-La <a href=\"https:\/\/www.ventajon.com\/seguros\/medico\/calcula-tu-seguro\" target=\"_blank\" rel=\"noopener\">salud <\/a>es un patrimonio real. Parece que tenemos que perderla para valorarla. Debemos mirar de frente a la enfermedad porque forma parte de la vida. Por ello, es tan importante comprender que si quieres disfrutar hay que cuidar la salud&#8230;<\/span><\/p>\n<p><span style=\"font-size: 12pt; font-family: 'Roboto Serif';\"><strong>Tu d\u00eda a d\u00eda debe ser estresante. Programa de radio de madrugada, televisi\u00f3n por la ma\u00f1ana y sacar tiempo para <img decoding=\"async\" loading=\"lazy\" class=\"wp-image-1618 alignright\" src=\"https:\/\/www.ventajon.com\/blog\/wp-content\/uploads\/2018\/03\/maca-2.png\" alt=\"En VENTAJON, entrevistamos a la periodista Macarena Berl\u00edn\" width=\"442\" height=\"442\" \/>escribir.<\/strong><\/span><br \/>\n<span style=\"font-size: 12pt; font-family: 'Roboto Serif';\">-Tengo bastante control del estr\u00e9s porque llevo casi 20 a\u00f1os en la profesi\u00f3n. Durante este tiempo he hecho de todo. He llegado a combinar tres formatos a la vez. Es verdad que era m\u00e1s joven, pero estr\u00e9s no siento. Siento responsabilidad y lo que hago es priorizar. Este a\u00f1o voy a tener menos vida para m\u00ed, pero siempre encuentro espacios propios: deporte, mis amigos, mis peque\u00f1os regalos que me hago, como la conversaci\u00f3n con mi madre en una terraza. Ser periodista es una forma de estar en el mundo. Es una suerte. No supone un esfuerzo.<\/span><\/p>\n<p><span style=\"font-size: 12pt; font-family: 'Roboto Serif';\"><strong>Pero, \u00bftendr\u00e1s que renunciar a cosas para que te den las horas del d\u00eda?<\/strong><\/span><br \/>\n<span style=\"font-size: 12pt; font-family: 'Roboto Serif';\">-Lo que voy a dejar de hacer es la \u00faltima hora de Hablar por hablar, que la cubrir\u00e1 Adriana Mourelos. De esta manera gano una hora de sue\u00f1o. Lo bueno es que esta temporada voy a tener m\u00e1s horas de sol, algo que siempre he echado de menos. [\u201cMe he dado cuenta de que en este pa\u00eds se duerme fatal. Hay mucho insomne, gente que se levanta de la cama porque de repente oye una historia que le recuerda algo y llama a la radio\u201d, ha comentado en varias ocasiones Macarena Berl\u00edn]<\/span><\/p>\n<p><span style=\"font-size: 12pt; font-family: 'Roboto Serif';\"><strong>En tu novela abordas la presi\u00f3n que sufren las mujeres. La obligaci\u00f3n de ser madre, estar guapa, tener \u00e9xito profesional\u2026<\/strong><\/span><br \/>\n<span style=\"font-size: 12pt; font-family: 'Roboto Serif';\">-Tenemos un modelo de sociedad patriarcal injusto. Debemos cambiarlo. Siempre te preguntan c\u00f3mo es que te gustan los ni\u00f1os y luego no los tienes. Yo siempre respondo que me encantan los ni\u00f1os, pero no estoy interesada en el tema de la crianza. Por suerte, no he sentido la presi\u00f3n familiar de la protagonista de H\u00e1- blame bajito, pero que s\u00ed sufren muchas mujeres respecto a la maternidad.<\/span><\/p>\n<p><span style=\"font-size: 12pt; font-family: 'Roboto Serif';\"><strong>\u00bfQu\u00e9 ha supuesto para ti el salto a la literatura?<\/strong><\/span><br \/>\n<span style=\"font-size: 12pt; font-family: 'Roboto Serif';\">-A m\u00ed se me convence con amor y fue as\u00ed como lo consigui\u00f3 mi editor. He descubierto que me gusta escribir, me sale de forma fluida y no sufro. Me di vierto porque tengo cosas que contar.<\/span><\/p>\n<p><span style=\"font-size: 12pt; font-family: 'Roboto Serif';\"><strong>\u00bfCu\u00e1nto tiene de biograf\u00eda tu novela? La protagonista tambi\u00e9n es locutora de radio.<\/strong><\/span><br \/>\n<span style=\"font-size: 12pt; font-family: 'Roboto Serif';\">-Las tres entrevistas que aparecen en el libro son reales. Me he divertido mucho entrando y saliendo de la ficci\u00f3n. Tiene cosas de mis amigas, de gente con la que me cruzo, de los pasillos de la radio\u2026 Pero no puedo decir que sea autobiogr\u00e1fica. No nos parecemos mucho la protagonista y yo. Yo, de hecho, he crecido en un matriarcado y nunca he sentido presi\u00f3n. Mi madre es maestra y tiene una personalidad muy especial: me dio una libertad que no era propia para mi edad. Nos ha dejado equivocarnos y nunca nos ha presionado.<\/span><\/p>\n<p><span style=\"font-size: 12pt; font-family: 'Roboto Serif';\"><strong>\u00bfPor qu\u00e9 el t\u00edtulo H\u00e1blame bajito para tu novela?<\/strong><\/span><br \/>\n<span style=\"font-size: 12pt; font-family: 'Roboto Serif';\">&#8211; En el mundo actual, son demasiadas las voces que nos exigen y nos piden, aunque sea desde el cari\u00f1o. Todas esas voces no nos dejan escuchar la nuestra. Por eso, h\u00e1blame bajito.<\/span><\/p>\n<p><span style=\"font-size: 12pt; font-family: 'Roboto Serif';\"><strong>Como nos comenta Macarena, para poder disfrutar hay que cuidar de la salud. Protege la tuya al m\u00e1ximo con el <a href=\"https:\/\/www.ventajon.com\/seguros\/medico\" target=\"_blank\" rel=\"noopener\">Seguro de Salud<\/a> que ofrece VENTAJON, con el que tendr\u00e1s m\u00e1xima protecci\u00f3n a un precio m\u00ednimo.\u00a0<\/strong><\/span><\/p>\n<p>&nbsp;<\/p>\n","protected":false},"excerpt":{"rendered":"<p>La presentadora del programa de confesiones m\u00e1s escuchado de la radio (Hablar por hablar) da el salto a las ma\u00f1anas de TVE. Y adem\u00e1s, estrena la novela &#8216;H\u00e1blame bajito&#8217;. Esta temporada Macarena Berl\u00edn (Madrid, 1973) pasa consulta por las ma\u00f1anas. Las noches seguir\u00e1 dedic\u00e1ndolas a las confidencias. Consejos para el cuerpo y consuelo para el [&hellip;]<\/p>\n","protected":false},"author":13,"featured_media":1617,"comment_status":"open","ping_status":"open","sticky":false,"template":"","format":"standard","meta":{"_mi_skip_tracking":false,"_monsterinsights_sitenote_active":false,"_monsterinsights_sitenote_note":"","_monsterinsights_sitenote_category":0,"footnotes":""},"categories":[73],"tags":[275,273,274,44],"acf":[],"yoast_head":"<!-- This site is optimized with the Yoast SEO plugin v21.4 - https:\/\/yoast.com\/wordpress\/plugins\/seo\/ -->\n<title>MACARENA BERL\u00cdN: &quot;SIGO LOS CONSEJOS DE SABER VIVIR Y SIEMPRE LLEVO VEGETALES MINI&quot;<\/title>\n<meta name=\"description\" content=\"La presentadora del programa de confesiones m\u00e1s escuchado de la radio (Hablar por hablar) da el salto a las ma\u00f1anas de TVE. Y adem\u00e1s, estrena la novela &#039;H\u00e1blame bajito&#039;.\" \/>\n<meta name=\"robots\" content=\"index, follow, max-snippet:-1, max-image-preview:large, max-video-preview:-1\" \/>\n<link rel=\"canonical\" href=\"https:\/\/www.ventajon.com\/blog\/macarena-berlin-sigo-los-consejos-de-saber-vivir-y-siempre-llevo-vegetales-mini\/\" \/>\n<meta property=\"og:locale\" content=\"es_ES\" \/>\n<meta property=\"og:type\" content=\"article\" \/>\n<meta property=\"og:title\" content=\"MACARENA BERL\u00cdN: &quot;SIGO LOS CONSEJOS DE SABER VIVIR Y SIEMPRE LLEVO VEGETALES MINI&quot;\" \/>\n<meta property=\"og:description\" content=\"La presentadora del programa de confesiones m\u00e1s escuchado de la radio (Hablar por hablar) da el salto a las ma\u00f1anas de TVE. Y adem\u00e1s, estrena la novela &#039;H\u00e1blame bajito&#039;.\" \/>\n<meta property=\"og:url\" content=\"https:\/\/www.ventajon.com\/blog\/macarena-berlin-sigo-los-consejos-de-saber-vivir-y-siempre-llevo-vegetales-mini\/\" \/>\n<meta property=\"og:site_name\" content=\"Ventajon Blog\" \/>\n<meta property=\"article:publisher\" content=\"https:\/\/www.facebook.com\/ventajon\/\" \/>\n<meta property=\"article:published_time\" content=\"2018-03-20T11:01:04+00:00\" \/>\n<meta property=\"article:modified_time\" content=\"2023-01-13T12:34:27+00:00\" \/>\n<meta property=\"og:image\" content=\"https:\/\/www.ventajon.com\/blog\/wp-content\/uploads\/2018\/03\/maca-1.png\" \/>\n\t<meta property=\"og:image:width\" content=\"1200\" \/>\n\t<meta property=\"og:image:height\" content=\"628\" \/>\n\t<meta property=\"og:image:type\" content=\"image\/png\" \/>\n<meta name=\"author\" content=\"Cristina Raya\" \/>\n<meta name=\"twitter:card\" content=\"summary_large_image\" \/>\n<meta name=\"twitter:creator\" content=\"@ventajon\" \/>\n<meta name=\"twitter:site\" content=\"@ventajon\" \/>\n<meta name=\"twitter:label1\" content=\"Escrito por\" \/>\n\t<meta name=\"twitter:data1\" content=\"Ventajon\" \/>\n\t<meta name=\"twitter:label2\" content=\"Tiempo de lectura\" \/>\n\t<meta name=\"twitter:data2\" content=\"5 minutos\" \/>\n<script type=\"application\/ld+json\" class=\"yoast-schema-graph\">{\"@context\":\"https:\/\/schema.org\",\"@graph\":[{\"@type\":\"WebPage\",\"@id\":\"https:\/\/www.ventajon.com\/blog\/macarena-berlin-sigo-los-consejos-de-saber-vivir-y-siempre-llevo-vegetales-mini\/\",\"url\":\"https:\/\/www.ventajon.com\/blog\/macarena-berlin-sigo-los-consejos-de-saber-vivir-y-siempre-llevo-vegetales-mini\/\",\"name\":\"MACARENA BERL\u00cdN: \\\"SIGO LOS CONSEJOS DE SABER VIVIR Y SIEMPRE LLEVO VEGETALES MINI\\\"\",\"isPartOf\":{\"@id\":\"https:\/\/www.ventajon.com\/blog\/#website\"},\"datePublished\":\"2018-03-20T11:01:04+00:00\",\"dateModified\":\"2023-01-13T12:34:27+00:00\",\"author\":{\"@id\":\"https:\/\/www.ventajon.com\/blog\/#\/schema\/person\/6d8829131286f950126cf81beee17e81\"},\"description\":\"La presentadora del programa de confesiones m\u00e1s escuchado de la radio (Hablar por hablar) da el salto a las ma\u00f1anas de TVE. Y adem\u00e1s, estrena la novela 'H\u00e1blame bajito'.\",\"breadcrumb\":{\"@id\":\"https:\/\/www.ventajon.com\/blog\/macarena-berlin-sigo-los-consejos-de-saber-vivir-y-siempre-llevo-vegetales-mini\/#breadcrumb\"},\"inLanguage\":\"es\",\"potentialAction\":[{\"@type\":\"ReadAction\",\"target\":[\"https:\/\/www.ventajon.com\/blog\/macarena-berlin-sigo-los-consejos-de-saber-vivir-y-siempre-llevo-vegetales-mini\/\"]}]},{\"@type\":\"BreadcrumbList\",\"@id\":\"https:\/\/www.ventajon.com\/blog\/macarena-berlin-sigo-los-consejos-de-saber-vivir-y-siempre-llevo-vegetales-mini\/#breadcrumb\",\"itemListElement\":[{\"@type\":\"ListItem\",\"position\":1,\"name\":\"Portada\",\"item\":\"https:\/\/www.ventajon.com\/blog\/\"},{\"@type\":\"ListItem\",\"position\":2,\"name\":\"MACARENA BERL\u00cdN: \u00abSIGO LOS CONSEJOS DE SABER VIVIR Y SIEMPRE LLEVO VEGETALES MINI\u00bb\"}]},{\"@type\":\"WebSite\",\"@id\":\"https:\/\/www.ventajon.com\/blog\/#website\",\"url\":\"https:\/\/www.ventajon.com\/blog\/\",\"name\":\"Ventajon Blog\",\"description\":\"\u00a1Bienveni@s al Blog VENTAJON! \u00bfQuieres formar parte del Club de los que merecen pagar menos?\",\"potentialAction\":[{\"@type\":\"SearchAction\",\"target\":{\"@type\":\"EntryPoint\",\"urlTemplate\":\"https:\/\/www.ventajon.com\/blog\/?s={search_term_string}\"},\"query-input\":\"required name=search_term_string\"}],\"inLanguage\":\"es\"},{\"@type\":\"Person\",\"@id\":\"https:\/\/www.ventajon.com\/blog\/#\/schema\/person\/6d8829131286f950126cf81beee17e81\",\"name\":\"Cristina Raya\",\"image\":{\"@type\":\"ImageObject\",\"inLanguage\":\"es\",\"@id\":\"https:\/\/www.ventajon.com\/blog\/#\/schema\/person\/image\/\",\"url\":\"https:\/\/secure.gravatar.com\/avatar\/2ea745dafa7a9c9acf0bf1cd73683028?s=96&d=mm&r=g\",\"contentUrl\":\"https:\/\/secure.gravatar.com\/avatar\/2ea745dafa7a9c9acf0bf1cd73683028?s=96&d=mm&r=g\",\"caption\":\"Cristina Raya\"},\"sameAs\":[\"https:\/\/www.ventajon.com\"],\"url\":\"https:\/\/www.ventajon.com\/blog\/author\/cristinaraya\/\"}]}<\/script>\n<!-- \/ Yoast SEO plugin. -->","yoast_head_json":{"title":"MACARENA BERL\u00cdN: \"SIGO LOS CONSEJOS DE SABER VIVIR Y SIEMPRE LLEVO VEGETALES MINI\"","description":"La presentadora del programa de confesiones m\u00e1s escuchado de la radio (Hablar por hablar) da el salto a las ma\u00f1anas de TVE. Y adem\u00e1s, estrena la novela 'H\u00e1blame bajito'.","robots":{"index":"index","follow":"follow","max-snippet":"max-snippet:-1","max-image-preview":"max-image-preview:large","max-video-preview":"max-video-preview:-1"},"canonical":"https:\/\/www.ventajon.com\/blog\/macarena-berlin-sigo-los-consejos-de-saber-vivir-y-siempre-llevo-vegetales-mini\/","og_locale":"es_ES","og_type":"article","og_title":"MACARENA BERL\u00cdN: \"SIGO LOS CONSEJOS DE SABER VIVIR Y SIEMPRE LLEVO VEGETALES MINI\"","og_description":"La presentadora del programa de confesiones m\u00e1s escuchado de la radio (Hablar por hablar) da el salto a las ma\u00f1anas de TVE. Y adem\u00e1s, estrena la novela 'H\u00e1blame bajito'.","og_url":"https:\/\/www.ventajon.com\/blog\/macarena-berlin-sigo-los-consejos-de-saber-vivir-y-siempre-llevo-vegetales-mini\/","og_site_name":"Ventajon Blog","article_publisher":"https:\/\/www.facebook.com\/ventajon\/","article_published_time":"2018-03-20T11:01:04+00:00","article_modified_time":"2023-01-13T12:34:27+00:00","og_image":[{"width":1200,"height":628,"url":"https:\/\/www.ventajon.com\/blog\/wp-content\/uploads\/2018\/03\/maca-1.png","type":"image\/png"}],"author":"Cristina Raya","twitter_card":"summary_large_image","twitter_creator":"@ventajon","twitter_site":"@ventajon","twitter_misc":{"Escrito por":"Ventajon","Tiempo de lectura":"5 minutos"},"schema":{"@context":"https:\/\/schema.org","@graph":[{"@type":"WebPage","@id":"https:\/\/www.ventajon.com\/blog\/macarena-berlin-sigo-los-consejos-de-saber-vivir-y-siempre-llevo-vegetales-mini\/","url":"https:\/\/www.ventajon.com\/blog\/macarena-berlin-sigo-los-consejos-de-saber-vivir-y-siempre-llevo-vegetales-mini\/","name":"MACARENA BERL\u00cdN: \"SIGO LOS CONSEJOS DE SABER VIVIR Y SIEMPRE LLEVO VEGETALES MINI\"","isPartOf":{"@id":"https:\/\/www.ventajon.com\/blog\/#website"},"datePublished":"2018-03-20T11:01:04+00:00","dateModified":"2023-01-13T12:34:27+00:00","author":{"@id":"https:\/\/www.ventajon.com\/blog\/#\/schema\/person\/6d8829131286f950126cf81beee17e81"},"description":"La presentadora del programa de confesiones m\u00e1s escuchado de la radio (Hablar por hablar) da el salto a las ma\u00f1anas de TVE. Y adem\u00e1s, estrena la novela 'H\u00e1blame bajito'.","breadcrumb":{"@id":"https:\/\/www.ventajon.com\/blog\/macarena-berlin-sigo-los-consejos-de-saber-vivir-y-siempre-llevo-vegetales-mini\/#breadcrumb"},"inLanguage":"es","potentialAction":[{"@type":"ReadAction","target":["https:\/\/www.ventajon.com\/blog\/macarena-berlin-sigo-los-consejos-de-saber-vivir-y-siempre-llevo-vegetales-mini\/"]}]},{"@type":"BreadcrumbList","@id":"https:\/\/www.ventajon.com\/blog\/macarena-berlin-sigo-los-consejos-de-saber-vivir-y-siempre-llevo-vegetales-mini\/#breadcrumb","itemListElement":[{"@type":"ListItem","position":1,"name":"Portada","item":"https:\/\/www.ventajon.com\/blog\/"},{"@type":"ListItem","position":2,"name":"MACARENA BERL\u00cdN: \u00abSIGO LOS CONSEJOS DE SABER VIVIR Y SIEMPRE LLEVO VEGETALES MINI\u00bb"}]},{"@type":"WebSite","@id":"https:\/\/www.ventajon.com\/blog\/#website","url":"https:\/\/www.ventajon.com\/blog\/","name":"Ventajon Blog","description":"\u00a1Bienveni@s al Blog VENTAJON! \u00bfQuieres formar parte del Club de los que merecen pagar menos?","potentialAction":[{"@type":"SearchAction","target":{"@type":"EntryPoint","urlTemplate":"https:\/\/www.ventajon.com\/blog\/?s={search_term_string}"},"query-input":"required name=search_term_string"}],"inLanguage":"es"},{"@type":"Person","@id":"https:\/\/www.ventajon.com\/blog\/#\/schema\/person\/6d8829131286f950126cf81beee17e81","name":"Cristina Raya","image":{"@type":"ImageObject","inLanguage":"es","@id":"https:\/\/www.ventajon.com\/blog\/#\/schema\/person\/image\/","url":"https:\/\/secure.gravatar.com\/avatar\/2ea745dafa7a9c9acf0bf1cd73683028?s=96&d=mm&r=g","contentUrl":"https:\/\/secure.gravatar.com\/avatar\/2ea745dafa7a9c9acf0bf1cd73683028?s=96&d=mm&r=g","caption":"Cristina Raya"},"sameAs":["https:\/\/www.ventajon.com"],"url":"https:\/\/www.ventajon.com\/blog\/author\/cristinaraya\/"}]}},"_links":{"self":[{"href":"https:\/\/www.ventajon.com\/blog\/wp-json\/wp\/v2\/posts\/1614"}],"collection":[{"href":"https:\/\/www.ventajon.com\/blog\/wp-json\/wp\/v2\/posts"}],"about":[{"href":"https:\/\/www.ventajon.com\/blog\/wp-json\/wp\/v2\/types\/post"}],"author":[{"embeddable":true,"href":"https:\/\/www.ventajon.com\/blog\/wp-json\/wp\/v2\/users\/13"}],"replies":[{"embeddable":true,"href":"https:\/\/www.ventajon.com\/blog\/wp-json\/wp\/v2\/comments?post=1614"}],"version-history":[{"count":8,"href":"https:\/\/www.ventajon.com\/blog\/wp-json\/wp\/v2\/posts\/1614\/revisions"}],"predecessor-version":[{"id":5593,"href":"https:\/\/www.ventajon.com\/blog\/wp-json\/wp\/v2\/posts\/1614\/revisions\/5593"}],"wp:featuredmedia":[{"embeddable":true,"href":"https:\/\/www.ventajon.com\/blog\/wp-json\/wp\/v2\/media\/1617"}],"wp:attachment":[{"href":"https:\/\/www.ventajon.com\/blog\/wp-json\/wp\/v2\/media?parent=1614"}],"wp:term":[{"taxonomy":"category","embeddable":true,"href":"https:\/\/www.ventajon.com\/blog\/wp-json\/wp\/v2\/categories?post=1614"},{"taxonomy":"post_tag","embeddable":true,"href":"https:\/\/www.ventajon.com\/blog\/wp-json\/wp\/v2\/tags?post=1614"}],"curies":[{"name":"wp","href":"https:\/\/api.w.org\/{rel}","templated":true}]}}