{"id":417,"date":"2017-02-27T15:01:56","date_gmt":"2017-02-27T13:01:56","guid":{"rendered":"https:\/\/www.ventajon.com\/blog\/?p=417"},"modified":"2022-12-29T14:15:02","modified_gmt":"2022-12-29T12:15:02","slug":"taller-cocina-mercado-exito","status":"publish","type":"post","link":"https:\/\/www.ventajon.com\/blog\/taller-cocina-mercado-exito\/","title":{"rendered":"EL TALLER DE COCINA DE MERCADO, UN \u00c9XITO"},"content":{"rendered":"<p>M\u00e1s de 80 personas disfrutaron el pasado s\u00e1bado del taller de cocina de Mercado organizado por VENTAJON y una de sus empresas asociadas, Vera l&#8217;Atelier. Los participantes asistieron al\u00a0&#8216;show cooking&#8217;\u00a0de Hilbert Sluiter, el jefe de cocina de Ikea Mallorca, quien prepar\u00f3 tres platos a partir de productos de Vera l&#8217;Atelier. Adem\u00e1s de aprender las t\u00e9cnicas de Sluiter, el p\u00fablico pudo degustar\u00a0un carpaccio de ternera sobre pesto, un &#8216;vitello tonnato&#8217; y un foie con gambas.<\/p>\n<p>Aqu\u00ed ten\u00e9is una breve rese\u00f1a de los protagonistas de la jornada culinaria que vivimos en Palma de Mallorca.<\/p>\n<p><strong>Hilbert Sluiter. <\/strong>Un chef anfibio.<\/p>\n<p>Antes de convertirse en jefe de cocina en Ikea Mallorca, Hilbert Sluiter ha desarrollado su carrera profesional a caballo entre la tierra y el mar. En tierra firme ha ocupado puestos de responsabilidad en restaurantes de lujo, como en el Hotel Vreugd, con estrella Michelin y considerado el mejor de Holanda en 1992 por la revista Lekker.<\/p>\n<p>En el mar ha cocinado en yates privados y tambi\u00e9n para un barco ganador de la Volvo Ocean Race, el ABN AMRO, compuesto por un equipo de 170 personas. \u201cMi estilo est\u00e1 influenciado por la cocina holandesa, mediterr\u00e1nea y asi\u00e1tica\u201d, explica Hilbert.<\/p>\n<p><strong>Vera l&#8217;Atelier.<\/strong> La boutique de la carne<\/p>\n<p>VERA l\u2019Atelier es el puesto carnes rojas y blancas, empanados y delicatessen de fabricaci\u00f3n propia en el Mercat de l\u2019Olivar. En muy poco tiempo\u00a0se ha convertido en cita obligada de gourmets y amantes de los art\u00edculos de primera calidad y elaboraciones artesanales, como sus reconocidas croquetas. Adem\u00e1s, cuenta con una selecci\u00f3n de salsas, ketchups y chutneys para aderezar tus platos.<\/p>\n<h4><\/h4>\n","protected":false},"excerpt":{"rendered":"<p>M\u00e1s de 80 personas disfrutaron el pasado s\u00e1bado del taller de cocina de Mercado organizado por VENTAJON y una de sus empresas asociadas, Vera l&#8217;Atelier. Los participantes asistieron al\u00a0&#8216;show cooking&#8217;\u00a0de Hilbert Sluiter, el jefe de cocina de Ikea Mallorca, quien prepar\u00f3 tres platos a partir de productos de Vera l&#8217;Atelier. Adem\u00e1s de aprender las t\u00e9cnicas [&hellip;]<\/p>\n","protected":false},"author":13,"featured_media":433,"comment_status":"open","ping_status":"open","sticky":false,"template":"","format":"gallery","meta":{"_mi_skip_tracking":false,"_monsterinsights_sitenote_active":false,"_monsterinsights_sitenote_note":"","_monsterinsights_sitenote_category":0,"footnotes":""},"categories":[830],"tags":[],"acf":[],"yoast_head":"<!-- This site is optimized with the Yoast SEO plugin v21.4 - https:\/\/yoast.com\/wordpress\/plugins\/seo\/ -->\n<title>VENTAJON-EL TALLER DE COCINA DE MERCADO, UN \u00c9XITO<\/title>\n<meta name=\"description\" content=\"M\u00e1s de 80 personas disfrutaron el pasado s\u00e1bado del taller de cocina de Mercado organizado por VENTAJON y una de sus empresas asociadas, Vera l&#039;Atelier. Los participantes asistieron al\u00a0&#039;show cooking&#039;\u00a0de Hilbert Sluiter, el jefe de cocina de Ikea Mallorca.\" \/>\n<meta name=\"robots\" content=\"index, follow, max-snippet:-1, max-image-preview:large, max-video-preview:-1\" \/>\n<link rel=\"canonical\" href=\"https:\/\/www.ventajon.com\/blog\/taller-cocina-mercado-exito\/\" \/>\n<meta property=\"og:locale\" content=\"es_ES\" \/>\n<meta property=\"og:type\" content=\"article\" \/>\n<meta property=\"og:title\" content=\"VENTAJON-EL TALLER DE COCINA DE MERCADO, UN \u00c9XITO\" \/>\n<meta property=\"og:description\" content=\"M\u00e1s de 80 personas disfrutaron el pasado s\u00e1bado del taller de cocina de Mercado organizado por VENTAJON y una de sus empresas asociadas, Vera l&#039;Atelier. Los participantes asistieron al\u00a0&#039;show cooking&#039;\u00a0de Hilbert Sluiter, el jefe de cocina de Ikea Mallorca.\" \/>\n<meta property=\"og:url\" content=\"https:\/\/www.ventajon.com\/blog\/taller-cocina-mercado-exito\/\" \/>\n<meta property=\"og:site_name\" content=\"Ventajon Blog\" \/>\n<meta property=\"article:publisher\" content=\"https:\/\/www.facebook.com\/ventajon\/\" \/>\n<meta property=\"article:published_time\" content=\"2017-02-27T13:01:56+00:00\" \/>\n<meta property=\"article:modified_time\" content=\"2022-12-29T12:15:02+00:00\" \/>\n<meta property=\"og:image\" content=\"https:\/\/www.ventajon.com\/blog\/wp-content\/uploads\/2017\/02\/ventajon-olivar-hilbert-30-2.jpg\" \/>\n\t<meta property=\"og:image:width\" content=\"800\" \/>\n\t<meta property=\"og:image:height\" content=\"534\" \/>\n\t<meta property=\"og:image:type\" content=\"image\/jpeg\" \/>\n<meta name=\"author\" content=\"Cristina Raya\" \/>\n<meta name=\"twitter:card\" content=\"summary_large_image\" \/>\n<meta name=\"twitter:creator\" content=\"@ventajon\" \/>\n<meta name=\"twitter:site\" content=\"@ventajon\" \/>\n<meta name=\"twitter:label1\" content=\"Escrito por\" \/>\n\t<meta name=\"twitter:data1\" content=\"Ventajon\" \/>\n\t<meta name=\"twitter:label2\" content=\"Tiempo de lectura\" \/>\n\t<meta name=\"twitter:data2\" content=\"2 minutos\" \/>\n<script type=\"application\/ld+json\" class=\"yoast-schema-graph\">{\"@context\":\"https:\/\/schema.org\",\"@graph\":[{\"@type\":\"WebPage\",\"@id\":\"https:\/\/www.ventajon.com\/blog\/taller-cocina-mercado-exito\/\",\"url\":\"https:\/\/www.ventajon.com\/blog\/taller-cocina-mercado-exito\/\",\"name\":\"VENTAJON-EL TALLER DE COCINA DE MERCADO, UN \u00c9XITO\",\"isPartOf\":{\"@id\":\"https:\/\/www.ventajon.com\/blog\/#website\"},\"datePublished\":\"2017-02-27T13:01:56+00:00\",\"dateModified\":\"2022-12-29T12:15:02+00:00\",\"author\":{\"@id\":\"https:\/\/www.ventajon.com\/blog\/#\/schema\/person\/6d8829131286f950126cf81beee17e81\"},\"description\":\"M\u00e1s de 80 personas disfrutaron el pasado s\u00e1bado del taller de cocina de Mercado organizado por VENTAJON y una de sus empresas asociadas, Vera l'Atelier. Los participantes asistieron al\u00a0'show cooking'\u00a0de Hilbert Sluiter, el jefe de cocina de Ikea Mallorca.\",\"breadcrumb\":{\"@id\":\"https:\/\/www.ventajon.com\/blog\/taller-cocina-mercado-exito\/#breadcrumb\"},\"inLanguage\":\"es\",\"potentialAction\":[{\"@type\":\"ReadAction\",\"target\":[\"https:\/\/www.ventajon.com\/blog\/taller-cocina-mercado-exito\/\"]}]},{\"@type\":\"BreadcrumbList\",\"@id\":\"https:\/\/www.ventajon.com\/blog\/taller-cocina-mercado-exito\/#breadcrumb\",\"itemListElement\":[{\"@type\":\"ListItem\",\"position\":1,\"name\":\"Portada\",\"item\":\"https:\/\/www.ventajon.com\/blog\/\"},{\"@type\":\"ListItem\",\"position\":2,\"name\":\"EL TALLER DE COCINA DE MERCADO, UN \u00c9XITO\"}]},{\"@type\":\"WebSite\",\"@id\":\"https:\/\/www.ventajon.com\/blog\/#website\",\"url\":\"https:\/\/www.ventajon.com\/blog\/\",\"name\":\"Ventajon Blog\",\"description\":\"\u00a1Bienveni@s al Blog VENTAJON! \u00bfQuieres formar parte del Club de los que merecen pagar menos?\",\"potentialAction\":[{\"@type\":\"SearchAction\",\"target\":{\"@type\":\"EntryPoint\",\"urlTemplate\":\"https:\/\/www.ventajon.com\/blog\/?s={search_term_string}\"},\"query-input\":\"required name=search_term_string\"}],\"inLanguage\":\"es\"},{\"@type\":\"Person\",\"@id\":\"https:\/\/www.ventajon.com\/blog\/#\/schema\/person\/6d8829131286f950126cf81beee17e81\",\"name\":\"Cristina Raya\",\"image\":{\"@type\":\"ImageObject\",\"inLanguage\":\"es\",\"@id\":\"https:\/\/www.ventajon.com\/blog\/#\/schema\/person\/image\/\",\"url\":\"https:\/\/secure.gravatar.com\/avatar\/2ea745dafa7a9c9acf0bf1cd73683028?s=96&d=mm&r=g\",\"contentUrl\":\"https:\/\/secure.gravatar.com\/avatar\/2ea745dafa7a9c9acf0bf1cd73683028?s=96&d=mm&r=g\",\"caption\":\"Cristina Raya\"},\"sameAs\":[\"https:\/\/www.ventajon.com\"],\"url\":\"https:\/\/www.ventajon.com\/blog\/author\/cristinaraya\/\"}]}<\/script>\n<!-- \/ Yoast SEO plugin. -->","yoast_head_json":{"title":"VENTAJON-EL TALLER DE COCINA DE MERCADO, UN \u00c9XITO","description":"M\u00e1s de 80 personas disfrutaron el pasado s\u00e1bado del taller de cocina de Mercado organizado por VENTAJON y una de sus empresas asociadas, Vera l'Atelier. Los participantes asistieron al\u00a0'show cooking'\u00a0de Hilbert Sluiter, el jefe de cocina de Ikea Mallorca.","robots":{"index":"index","follow":"follow","max-snippet":"max-snippet:-1","max-image-preview":"max-image-preview:large","max-video-preview":"max-video-preview:-1"},"canonical":"https:\/\/www.ventajon.com\/blog\/taller-cocina-mercado-exito\/","og_locale":"es_ES","og_type":"article","og_title":"VENTAJON-EL TALLER DE COCINA DE MERCADO, UN \u00c9XITO","og_description":"M\u00e1s de 80 personas disfrutaron el pasado s\u00e1bado del taller de cocina de Mercado organizado por VENTAJON y una de sus empresas asociadas, Vera l'Atelier. Los participantes asistieron al\u00a0'show cooking'\u00a0de Hilbert Sluiter, el jefe de cocina de Ikea Mallorca.","og_url":"https:\/\/www.ventajon.com\/blog\/taller-cocina-mercado-exito\/","og_site_name":"Ventajon Blog","article_publisher":"https:\/\/www.facebook.com\/ventajon\/","article_published_time":"2017-02-27T13:01:56+00:00","article_modified_time":"2022-12-29T12:15:02+00:00","og_image":[{"width":800,"height":534,"url":"https:\/\/www.ventajon.com\/blog\/wp-content\/uploads\/2017\/02\/ventajon-olivar-hilbert-30-2.jpg","type":"image\/jpeg"}],"author":"Cristina Raya","twitter_card":"summary_large_image","twitter_creator":"@ventajon","twitter_site":"@ventajon","twitter_misc":{"Escrito por":"Ventajon","Tiempo de lectura":"2 minutos"},"schema":{"@context":"https:\/\/schema.org","@graph":[{"@type":"WebPage","@id":"https:\/\/www.ventajon.com\/blog\/taller-cocina-mercado-exito\/","url":"https:\/\/www.ventajon.com\/blog\/taller-cocina-mercado-exito\/","name":"VENTAJON-EL TALLER DE COCINA DE MERCADO, UN \u00c9XITO","isPartOf":{"@id":"https:\/\/www.ventajon.com\/blog\/#website"},"datePublished":"2017-02-27T13:01:56+00:00","dateModified":"2022-12-29T12:15:02+00:00","author":{"@id":"https:\/\/www.ventajon.com\/blog\/#\/schema\/person\/6d8829131286f950126cf81beee17e81"},"description":"M\u00e1s de 80 personas disfrutaron el pasado s\u00e1bado del taller de cocina de Mercado organizado por VENTAJON y una de sus empresas asociadas, Vera l'Atelier. Los participantes asistieron al\u00a0'show cooking'\u00a0de Hilbert Sluiter, el jefe de cocina de Ikea Mallorca.","breadcrumb":{"@id":"https:\/\/www.ventajon.com\/blog\/taller-cocina-mercado-exito\/#breadcrumb"},"inLanguage":"es","potentialAction":[{"@type":"ReadAction","target":["https:\/\/www.ventajon.com\/blog\/taller-cocina-mercado-exito\/"]}]},{"@type":"BreadcrumbList","@id":"https:\/\/www.ventajon.com\/blog\/taller-cocina-mercado-exito\/#breadcrumb","itemListElement":[{"@type":"ListItem","position":1,"name":"Portada","item":"https:\/\/www.ventajon.com\/blog\/"},{"@type":"ListItem","position":2,"name":"EL TALLER DE COCINA DE MERCADO, UN \u00c9XITO"}]},{"@type":"WebSite","@id":"https:\/\/www.ventajon.com\/blog\/#website","url":"https:\/\/www.ventajon.com\/blog\/","name":"Ventajon Blog","description":"\u00a1Bienveni@s al Blog VENTAJON! \u00bfQuieres formar parte del Club de los que merecen pagar menos?","potentialAction":[{"@type":"SearchAction","target":{"@type":"EntryPoint","urlTemplate":"https:\/\/www.ventajon.com\/blog\/?s={search_term_string}"},"query-input":"required name=search_term_string"}],"inLanguage":"es"},{"@type":"Person","@id":"https:\/\/www.ventajon.com\/blog\/#\/schema\/person\/6d8829131286f950126cf81beee17e81","name":"Cristina Raya","image":{"@type":"ImageObject","inLanguage":"es","@id":"https:\/\/www.ventajon.com\/blog\/#\/schema\/person\/image\/","url":"https:\/\/secure.gravatar.com\/avatar\/2ea745dafa7a9c9acf0bf1cd73683028?s=96&d=mm&r=g","contentUrl":"https:\/\/secure.gravatar.com\/avatar\/2ea745dafa7a9c9acf0bf1cd73683028?s=96&d=mm&r=g","caption":"Cristina Raya"},"sameAs":["https:\/\/www.ventajon.com"],"url":"https:\/\/www.ventajon.com\/blog\/author\/cristinaraya\/"}]}},"_links":{"self":[{"href":"https:\/\/www.ventajon.com\/blog\/wp-json\/wp\/v2\/posts\/417"}],"collection":[{"href":"https:\/\/www.ventajon.com\/blog\/wp-json\/wp\/v2\/posts"}],"about":[{"href":"https:\/\/www.ventajon.com\/blog\/wp-json\/wp\/v2\/types\/post"}],"author":[{"embeddable":true,"href":"https:\/\/www.ventajon.com\/blog\/wp-json\/wp\/v2\/users\/13"}],"replies":[{"embeddable":true,"href":"https:\/\/www.ventajon.com\/blog\/wp-json\/wp\/v2\/comments?post=417"}],"version-history":[{"count":12,"href":"https:\/\/www.ventajon.com\/blog\/wp-json\/wp\/v2\/posts\/417\/revisions"}],"predecessor-version":[{"id":5325,"href":"https:\/\/www.ventajon.com\/blog\/wp-json\/wp\/v2\/posts\/417\/revisions\/5325"}],"wp:featuredmedia":[{"embeddable":true,"href":"https:\/\/www.ventajon.com\/blog\/wp-json\/wp\/v2\/media\/433"}],"wp:attachment":[{"href":"https:\/\/www.ventajon.com\/blog\/wp-json\/wp\/v2\/media?parent=417"}],"wp:term":[{"taxonomy":"category","embeddable":true,"href":"https:\/\/www.ventajon.com\/blog\/wp-json\/wp\/v2\/categories?post=417"},{"taxonomy":"post_tag","embeddable":true,"href":"https:\/\/www.ventajon.com\/blog\/wp-json\/wp\/v2\/tags?post=417"}],"curies":[{"name":"wp","href":"https:\/\/api.w.org\/{rel}","templated":true}]}}