{"id":5905,"date":"2023-05-19T00:00:19","date_gmt":"2023-05-18T22:00:19","guid":{"rendered":"https:\/\/www.ventajon.com\/blog\/?p=5905"},"modified":"2024-10-02T10:10:08","modified_gmt":"2024-10-02T08:10:08","slug":"las-gafas-de-sol-mas-deseadas","status":"publish","type":"post","link":"https:\/\/www.ventajon.com\/blog\/las-gafas-de-sol-mas-deseadas\/","title":{"rendered":"Las gafas de sol m\u00e1s deseadas"},"content":{"rendered":"<p><span style=\"font-weight: 400;\">Para esta primavera-verano 2023, \u00bfQui\u00e9n dijo miedo? Prep\u00e1rate para deslumbrar con atrevidas monturas maxi y colores intensos. Vas a verlas con vidrios total black o trasl\u00facidos y cuanto m\u00e1s grandes, mejor. No importa demasiado la forma: pueden ser cuadradas, ovaladas o rectangulares, todo vale mientras sean XXL, aunque tambi\u00e9n hay excepciones.\u00a0<\/span><\/p>\n<p><span style=\"font-weight: 400;\">Y aunque su principal funci\u00f3n sea protegernos de los rayos ultravioleta, lo cierto es que las gafas de sol han acabado convirti\u00e9ndose en el accesorio imprescindible para completar cualquier outfit veraniego. Te presentamos los dise\u00f1os que s\u00ed\u00a0 s\u00ed tiene que estar bajo tu radar.\u00a0<\/span><\/p>\n<p><b>\u00bfCon cu\u00e1l te atreves?\u00a0<\/b><\/p>\n<ul>\n<li style=\"font-weight: 400;\" aria-level=\"1\"><b>Extragrandes.<\/b><span style=\"font-weight: 400;\"> Son un modelo imprescindible entre las celebrities m\u00e1s populares. La tendencia en gafas extragrandes viene en todo tipo de formas: redondas, cuadradas, hexagonales, de mariposa, etc.\u00a0<\/span><\/li>\n<li style=\"font-weight: 400;\" aria-level=\"1\"><b>Tipo aviador.<\/b><span style=\"font-weight: 400;\"> Un cl\u00e1sico atemporal que nunca pasa de moda, pero con una particularidad. Los cristales ser\u00e1n c\u00e1lidos, trasl\u00facidos y con monturas gruesas y oscuras. Para m\u00e1s inri, su dise\u00f1o se estiliza a toda clase de rostros.\u00a0<\/span><\/li>\n<li style=\"font-weight: 400;\" aria-level=\"1\"><b>Montura blanca.<\/b><span style=\"font-weight: 400;\"> Dejamos de lado la forma para hablar de colores. Si quieres atreverte, pero tampoco demasiado, destacan las de montura blanca, tambi\u00e9n entre los dise\u00f1os m\u00e1s minimalistas.\u00a0<\/span><\/li>\n<li style=\"font-weight: 400;\" aria-level=\"1\"><b>Espejito, espejito.<\/b><span style=\"font-weight: 400;\"> Un tipo de gafas moderno y llamativo, que adem\u00e1s ofrece una mayor protecci\u00f3n solar para tus ojos. Son \u201cmust-have\u201d para esta temporada, aunque hace ya algunos a\u00f1os que volvieron a ponerse de moda.\u00a0<\/span><\/li>\n<li style=\"font-weight: 400;\" aria-level=\"1\"><b>Triangulares.<\/b><span style=\"font-weight: 400;\"> Algo m\u00e1s peque\u00f1as, triangulares y negras, las gafas que re\u00fanan estas caracter\u00edsticas ser\u00e1n un acierto durante la temporada. Son modernos y retro a la vez, y adem\u00e1s favorecen a todos los rostros.\u00a0<\/span><\/li>\n<li style=\"font-weight: 400;\" aria-level=\"1\"><b>A todo color.<\/b><span style=\"font-weight: 400;\"> M\u00e1s all\u00e1 de las monturas en blanco, los dise\u00f1os a todo color tambi\u00e9n est\u00e1n en auge. Amarillo, rojo, verde, azul\u2026 aqu\u00ed lo importante no es el tono de color que elijas, sino que sea llamativo.\u00a0<\/span><\/li>\n<li style=\"font-weight: 400;\" aria-level=\"1\"><b>Fotocrom\u00e1ticas.<\/b><span style=\"font-weight: 400;\"> Con cistrales de colores vivos, ya sean tonos rosas, amarillos, naranjas o verdes. Son modelos especialmente inspirados en los 90 y principios de los 00s y puedes elegir entre toda clase de monturas, desde finas y metalizadas hasta monturas completas como las gafas de sol de pasta.\u00a0<\/span><\/li>\n<li style=\"font-weight: 400;\" aria-level=\"1\"><b>Cat eye. <\/b><span style=\"font-weight: 400;\">Otro cl\u00e1sico que siempre perdura son las elegantes gafas de <\/span><i><span style=\"font-weight: 400;\">cat eye. <\/span><\/i><span style=\"font-weight: 400;\">En este 2023 se lleva el redise\u00f1o actualizado de estilo de marcos m\u00e1s alargados e inspirados en la cultura urbana. Un acierto seguro.\u00a0<\/span><\/li>\n<\/ul>\n<p>\u00bfYa has elegido las gafas de sol para este verano? \u00a1Seguro que s\u00ed!<\/p>\n<figure id=\"attachment_5906\" aria-describedby=\"caption-attachment-5906\" style=\"width: 640px\" class=\"wp-caption aligncenter\"><img decoding=\"async\" loading=\"lazy\" class=\"wp-image-5906 size-large\" src=\"https:\/\/www.ventajon.com\/blog\/wp-content\/uploads\/2023\/05\/wu-yi-egqZNnzjXng-unsplash-1024x911.jpg\" alt=\"\" width=\"640\" height=\"569\" srcset=\"https:\/\/www.ventajon.com\/blog\/wp-content\/uploads\/2023\/05\/wu-yi-egqZNnzjXng-unsplash-1024x911.jpg 1024w, https:\/\/www.ventajon.com\/blog\/wp-content\/uploads\/2023\/05\/wu-yi-egqZNnzjXng-unsplash-450x400.jpg 450w, https:\/\/www.ventajon.com\/blog\/wp-content\/uploads\/2023\/05\/wu-yi-egqZNnzjXng-unsplash-768x683.jpg 768w, https:\/\/www.ventajon.com\/blog\/wp-content\/uploads\/2023\/05\/wu-yi-egqZNnzjXng-unsplash-1536x1367.jpg 1536w, https:\/\/www.ventajon.com\/blog\/wp-content\/uploads\/2023\/05\/wu-yi-egqZNnzjXng-unsplash-2048x1822.jpg 2048w, https:\/\/www.ventajon.com\/blog\/wp-content\/uploads\/2023\/05\/wu-yi-egqZNnzjXng-unsplash-863x768.jpg 863w\" sizes=\"(max-width: 640px) 100vw, 640px\" \/><figcaption id=\"caption-attachment-5906\" class=\"wp-caption-text\">Las gafas de sol para el verano<\/figcaption><\/figure>\n","protected":false},"excerpt":{"rendered":"<p>Para esta primavera-verano 2023, \u00bfQui\u00e9n dijo miedo? Prep\u00e1rate para deslumbrar con atrevidas monturas maxi y colores intensos. Vas a verlas con vidrios total black o trasl\u00facidos y cuanto m\u00e1s grandes, mejor. No importa demasiado la forma: pueden ser cuadradas, ovaladas o rectangulares, todo vale mientras sean XXL, aunque tambi\u00e9n hay excepciones.\u00a0 Y aunque su principal [&hellip;]<\/p>\n","protected":false},"author":13,"featured_media":5907,"comment_status":"open","ping_status":"open","sticky":false,"template":"","format":"standard","meta":{"_mi_skip_tracking":false,"_monsterinsights_sitenote_active":false,"_monsterinsights_sitenote_note":"","_monsterinsights_sitenote_category":0,"footnotes":""},"categories":[9],"tags":[],"acf":[],"yoast_head":"<!-- This site is optimized with the Yoast SEO plugin v21.4 - https:\/\/yoast.com\/wordpress\/plugins\/seo\/ -->\n<title>Las gafas de sol m\u00e1s deseadas - Ventajon Blog<\/title>\n<meta name=\"description\" content=\"Para esta primavera-verano 2023, \u00bfQui\u00e9n dijo miedo? \u00a1Prep\u00e1rate para este verano con las gafas de sol que te presentamos!\" \/>\n<meta name=\"robots\" content=\"index, follow, max-snippet:-1, max-image-preview:large, max-video-preview:-1\" \/>\n<link rel=\"canonical\" href=\"https:\/\/www.ventajon.com\/blog\/las-gafas-de-sol-mas-deseadas\/\" \/>\n<meta property=\"og:locale\" content=\"es_ES\" \/>\n<meta property=\"og:type\" content=\"article\" \/>\n<meta property=\"og:title\" content=\"Las gafas de sol m\u00e1s deseadas - Ventajon Blog\" \/>\n<meta property=\"og:description\" content=\"Para esta primavera-verano 2023, \u00bfQui\u00e9n dijo miedo? \u00a1Prep\u00e1rate para este verano con las gafas de sol que te presentamos!\" \/>\n<meta property=\"og:url\" content=\"https:\/\/www.ventajon.com\/blog\/las-gafas-de-sol-mas-deseadas\/\" \/>\n<meta property=\"og:site_name\" content=\"Ventajon Blog\" \/>\n<meta property=\"article:publisher\" content=\"https:\/\/www.facebook.com\/ventajon\/\" \/>\n<meta property=\"article:published_time\" content=\"2023-05-18T22:00:19+00:00\" \/>\n<meta property=\"article:modified_time\" content=\"2024-10-02T08:10:08+00:00\" \/>\n<meta property=\"og:image\" content=\"https:\/\/www.ventajon.com\/blog\/wp-content\/uploads\/2023\/05\/ethan-robertson-SYx3UCHZJlo-unsplash-scaled.jpg\" \/>\n\t<meta property=\"og:image:width\" content=\"2560\" \/>\n\t<meta property=\"og:image:height\" content=\"1707\" \/>\n\t<meta property=\"og:image:type\" content=\"image\/jpeg\" \/>\n<meta name=\"author\" content=\"Cristina Raya\" \/>\n<meta name=\"twitter:card\" content=\"summary_large_image\" \/>\n<meta name=\"twitter:creator\" content=\"@ventajon\" \/>\n<meta name=\"twitter:site\" content=\"@ventajon\" \/>\n<meta name=\"twitter:label1\" content=\"Escrito por\" \/>\n\t<meta name=\"twitter:data1\" content=\"Ventajon\" \/>\n\t<meta name=\"twitter:label2\" content=\"Tiempo de lectura\" \/>\n\t<meta name=\"twitter:data2\" content=\"3 minutos\" \/>\n<script type=\"application\/ld+json\" class=\"yoast-schema-graph\">{\"@context\":\"https:\/\/schema.org\",\"@graph\":[{\"@type\":\"WebPage\",\"@id\":\"https:\/\/www.ventajon.com\/blog\/las-gafas-de-sol-mas-deseadas\/\",\"url\":\"https:\/\/www.ventajon.com\/blog\/las-gafas-de-sol-mas-deseadas\/\",\"name\":\"Las gafas de sol m\u00e1s deseadas - Ventajon Blog\",\"isPartOf\":{\"@id\":\"https:\/\/www.ventajon.com\/blog\/#website\"},\"datePublished\":\"2023-05-18T22:00:19+00:00\",\"dateModified\":\"2024-10-02T08:10:08+00:00\",\"author\":{\"@id\":\"https:\/\/www.ventajon.com\/blog\/#\/schema\/person\/6d8829131286f950126cf81beee17e81\"},\"description\":\"Para esta primavera-verano 2023, \u00bfQui\u00e9n dijo miedo? \u00a1Prep\u00e1rate para este verano con las gafas de sol que te presentamos!\",\"breadcrumb\":{\"@id\":\"https:\/\/www.ventajon.com\/blog\/las-gafas-de-sol-mas-deseadas\/#breadcrumb\"},\"inLanguage\":\"es\",\"potentialAction\":[{\"@type\":\"ReadAction\",\"target\":[\"https:\/\/www.ventajon.com\/blog\/las-gafas-de-sol-mas-deseadas\/\"]}]},{\"@type\":\"BreadcrumbList\",\"@id\":\"https:\/\/www.ventajon.com\/blog\/las-gafas-de-sol-mas-deseadas\/#breadcrumb\",\"itemListElement\":[{\"@type\":\"ListItem\",\"position\":1,\"name\":\"Portada\",\"item\":\"https:\/\/www.ventajon.com\/blog\/\"},{\"@type\":\"ListItem\",\"position\":2,\"name\":\"Las gafas de sol m\u00e1s deseadas\"}]},{\"@type\":\"WebSite\",\"@id\":\"https:\/\/www.ventajon.com\/blog\/#website\",\"url\":\"https:\/\/www.ventajon.com\/blog\/\",\"name\":\"Ventajon Blog\",\"description\":\"\u00a1Bienveni@s al Blog VENTAJON! \u00bfQuieres formar parte del Club de los que merecen pagar menos?\",\"potentialAction\":[{\"@type\":\"SearchAction\",\"target\":{\"@type\":\"EntryPoint\",\"urlTemplate\":\"https:\/\/www.ventajon.com\/blog\/?s={search_term_string}\"},\"query-input\":\"required name=search_term_string\"}],\"inLanguage\":\"es\"},{\"@type\":\"Person\",\"@id\":\"https:\/\/www.ventajon.com\/blog\/#\/schema\/person\/6d8829131286f950126cf81beee17e81\",\"name\":\"Cristina Raya\",\"image\":{\"@type\":\"ImageObject\",\"inLanguage\":\"es\",\"@id\":\"https:\/\/www.ventajon.com\/blog\/#\/schema\/person\/image\/\",\"url\":\"https:\/\/secure.gravatar.com\/avatar\/2ea745dafa7a9c9acf0bf1cd73683028?s=96&d=mm&r=g\",\"contentUrl\":\"https:\/\/secure.gravatar.com\/avatar\/2ea745dafa7a9c9acf0bf1cd73683028?s=96&d=mm&r=g\",\"caption\":\"Cristina Raya\"},\"sameAs\":[\"https:\/\/www.ventajon.com\"],\"url\":\"https:\/\/www.ventajon.com\/blog\/author\/cristinaraya\/\"}]}<\/script>\n<!-- \/ Yoast SEO plugin. -->","yoast_head_json":{"title":"Las gafas de sol m\u00e1s deseadas - Ventajon Blog","description":"Para esta primavera-verano 2023, \u00bfQui\u00e9n dijo miedo? \u00a1Prep\u00e1rate para este verano con las gafas de sol que te presentamos!","robots":{"index":"index","follow":"follow","max-snippet":"max-snippet:-1","max-image-preview":"max-image-preview:large","max-video-preview":"max-video-preview:-1"},"canonical":"https:\/\/www.ventajon.com\/blog\/las-gafas-de-sol-mas-deseadas\/","og_locale":"es_ES","og_type":"article","og_title":"Las gafas de sol m\u00e1s deseadas - Ventajon Blog","og_description":"Para esta primavera-verano 2023, \u00bfQui\u00e9n dijo miedo? \u00a1Prep\u00e1rate para este verano con las gafas de sol que te presentamos!","og_url":"https:\/\/www.ventajon.com\/blog\/las-gafas-de-sol-mas-deseadas\/","og_site_name":"Ventajon Blog","article_publisher":"https:\/\/www.facebook.com\/ventajon\/","article_published_time":"2023-05-18T22:00:19+00:00","article_modified_time":"2024-10-02T08:10:08+00:00","og_image":[{"width":2560,"height":1707,"url":"https:\/\/www.ventajon.com\/blog\/wp-content\/uploads\/2023\/05\/ethan-robertson-SYx3UCHZJlo-unsplash-scaled.jpg","type":"image\/jpeg"}],"author":"Cristina Raya","twitter_card":"summary_large_image","twitter_creator":"@ventajon","twitter_site":"@ventajon","twitter_misc":{"Escrito por":"Ventajon","Tiempo de lectura":"3 minutos"},"schema":{"@context":"https:\/\/schema.org","@graph":[{"@type":"WebPage","@id":"https:\/\/www.ventajon.com\/blog\/las-gafas-de-sol-mas-deseadas\/","url":"https:\/\/www.ventajon.com\/blog\/las-gafas-de-sol-mas-deseadas\/","name":"Las gafas de sol m\u00e1s deseadas - Ventajon Blog","isPartOf":{"@id":"https:\/\/www.ventajon.com\/blog\/#website"},"datePublished":"2023-05-18T22:00:19+00:00","dateModified":"2024-10-02T08:10:08+00:00","author":{"@id":"https:\/\/www.ventajon.com\/blog\/#\/schema\/person\/6d8829131286f950126cf81beee17e81"},"description":"Para esta primavera-verano 2023, \u00bfQui\u00e9n dijo miedo? \u00a1Prep\u00e1rate para este verano con las gafas de sol que te presentamos!","breadcrumb":{"@id":"https:\/\/www.ventajon.com\/blog\/las-gafas-de-sol-mas-deseadas\/#breadcrumb"},"inLanguage":"es","potentialAction":[{"@type":"ReadAction","target":["https:\/\/www.ventajon.com\/blog\/las-gafas-de-sol-mas-deseadas\/"]}]},{"@type":"BreadcrumbList","@id":"https:\/\/www.ventajon.com\/blog\/las-gafas-de-sol-mas-deseadas\/#breadcrumb","itemListElement":[{"@type":"ListItem","position":1,"name":"Portada","item":"https:\/\/www.ventajon.com\/blog\/"},{"@type":"ListItem","position":2,"name":"Las gafas de sol m\u00e1s deseadas"}]},{"@type":"WebSite","@id":"https:\/\/www.ventajon.com\/blog\/#website","url":"https:\/\/www.ventajon.com\/blog\/","name":"Ventajon Blog","description":"\u00a1Bienveni@s al Blog VENTAJON! \u00bfQuieres formar parte del Club de los que merecen pagar menos?","potentialAction":[{"@type":"SearchAction","target":{"@type":"EntryPoint","urlTemplate":"https:\/\/www.ventajon.com\/blog\/?s={search_term_string}"},"query-input":"required name=search_term_string"}],"inLanguage":"es"},{"@type":"Person","@id":"https:\/\/www.ventajon.com\/blog\/#\/schema\/person\/6d8829131286f950126cf81beee17e81","name":"Cristina Raya","image":{"@type":"ImageObject","inLanguage":"es","@id":"https:\/\/www.ventajon.com\/blog\/#\/schema\/person\/image\/","url":"https:\/\/secure.gravatar.com\/avatar\/2ea745dafa7a9c9acf0bf1cd73683028?s=96&d=mm&r=g","contentUrl":"https:\/\/secure.gravatar.com\/avatar\/2ea745dafa7a9c9acf0bf1cd73683028?s=96&d=mm&r=g","caption":"Cristina Raya"},"sameAs":["https:\/\/www.ventajon.com"],"url":"https:\/\/www.ventajon.com\/blog\/author\/cristinaraya\/"}]}},"_links":{"self":[{"href":"https:\/\/www.ventajon.com\/blog\/wp-json\/wp\/v2\/posts\/5905"}],"collection":[{"href":"https:\/\/www.ventajon.com\/blog\/wp-json\/wp\/v2\/posts"}],"about":[{"href":"https:\/\/www.ventajon.com\/blog\/wp-json\/wp\/v2\/types\/post"}],"author":[{"embeddable":true,"href":"https:\/\/www.ventajon.com\/blog\/wp-json\/wp\/v2\/users\/13"}],"replies":[{"embeddable":true,"href":"https:\/\/www.ventajon.com\/blog\/wp-json\/wp\/v2\/comments?post=5905"}],"version-history":[{"count":3,"href":"https:\/\/www.ventajon.com\/blog\/wp-json\/wp\/v2\/posts\/5905\/revisions"}],"predecessor-version":[{"id":5910,"href":"https:\/\/www.ventajon.com\/blog\/wp-json\/wp\/v2\/posts\/5905\/revisions\/5910"}],"wp:featuredmedia":[{"embeddable":true,"href":"https:\/\/www.ventajon.com\/blog\/wp-json\/wp\/v2\/media\/5907"}],"wp:attachment":[{"href":"https:\/\/www.ventajon.com\/blog\/wp-json\/wp\/v2\/media?parent=5905"}],"wp:term":[{"taxonomy":"category","embeddable":true,"href":"https:\/\/www.ventajon.com\/blog\/wp-json\/wp\/v2\/categories?post=5905"},{"taxonomy":"post_tag","embeddable":true,"href":"https:\/\/www.ventajon.com\/blog\/wp-json\/wp\/v2\/tags?post=5905"}],"curies":[{"name":"wp","href":"https:\/\/api.w.org\/{rel}","templated":true}]}}